{"id":43,"date":"2022-10-12T07:39:54","date_gmt":"2022-10-12T07:39:54","guid":{"rendered":"https:\/\/harrera.org\/index.php\/2022\/10\/12\/you-need-to-read-this-before-getting-lash-extensions\/"},"modified":"2026-03-10T23:02:14","modified_gmt":"2026-03-10T23:02:14","slug":"you-need-to-read-this-before-getting-lash-extensions","status":"publish","type":"post","link":"https:\/\/harrera.org\/index.php\/2022\/10\/12\/you-need-to-read-this-before-getting-lash-extensions\/","title":{"rendered":"Ropa Solidaria"},"content":{"rendered":"\n<h2 class=\"wp-block-heading\">\u00a0Llega el fr\u00edo y seguimos sin local para poder repartir ropa de abrigo<\/h2>\n\n\n<div class=\"intro-text\">\u00a0<\/div>\n<p><span style=\"font-weight: 400;\">El \u00e1rea de la ropa es un apartado m\u00e1s de la Red Ciudadana de Acogida. Su objetivo es proveer, a personas en situaci\u00f3n de calle o de infravivienda, de un derecho b\u00e1sico como es el vestido y el abrigo. Desde la Red de Acogida entendemos que este derecho no se puede negar a ninguna persona. El grupo de voluntariado de la ropa est\u00e1 compuesto en este momento por dos personas del Pa\u00eds Vasco, dos personas maroqu\u00edes y una persona de Guinea Conakri. Estas personas queremos dar una imagen de pa\u00eds y de posibilidad de mejor comunicaci\u00f3n y mejor acogida por el grupo a las personas que\u00a0 acuden.<\/span><\/p>\n<p><span style=\"font-weight: 400;\">Durante el verano hemos tenido refuerzo de personas de Alemania y de China, volvi\u00e9ndose este grupo un reflejo de la sociedad actual en Euskal Herria.<\/span><\/p>\n<p><span style=\"font-weight: 400;\">Nuestra funci\u00f3n es revisar la ropa, limpiarla, arreglarla si es necesario, repartirla, pedir ayuda a l@s voluntari@s para seguir teniendo stock de ropa y prever las necesidades que podamos tener en funci\u00f3n de la climatolog\u00eda. As\u00ed mismo, realizamos una estad\u00edstica mensual de las personas que han pasado y del material que se ha repartido.<\/span><\/p>\n<p><span style=\"font-weight: 400;\">Las personas que acuden al servicio de ropero vienen derivadas de Harrera Sarea principalmente, de las Cenas Solidarias y de otro tipo de instituci\u00f3n como puede ser el SMUS, Hestia\u00a0 o Abegi etxea. Y tambi\u00e9n, como es natural, por el boca a boca.<\/span><\/p>\n<p>\u00a0<\/p>","protected":false},"excerpt":{"rendered":"<p>\u00a0Llega el fr\u00edo y seguimos sin local para poder repartir ropa de abrigo \u00a0 El \u00e1rea de la ropa es un apartado m\u00e1s de la Red Ciudadana de Acogida. Su objetivo es proveer, a personas en situaci\u00f3n de calle o de infravivienda, de un derecho b\u00e1sico como es el vestido y el abrigo. Desde la [&hellip;]<\/p>\n","protected":false},"author":1,"featured_media":211,"comment_status":"closed","ping_status":"open","sticky":false,"template":"","format":"standard","meta":{"jnews-multi-image_gallery":[],"jnews_single_post":{"subtitle":"You need to read this before booking your appointment.","format":"standard","video":"https:\/\/www.youtube.com\/watch?v=YdJc7-ZEuT0","gallery":"","source_name":"","source_url":"","via_name":"","via_url":"","override_template":"0","override":[{"template":"2","single_blog_custom":"","parallax":"1","fullscreen":"1","layout":"right-sidebar","sidebar":"default-sidebar","second_sidebar":"default-sidebar","sticky_sidebar":"1","share_position":"float","share_float_style":"share-monocrhome","show_share_counter":"1","show_view_counter":"1","show_featured":"1","show_post_meta":"1","show_post_author":"1","show_post_author_image":"0","show_post_date":"1","post_date_format":"default","post_date_format_custom":"Y\/m\/d","show_post_category":"0","show_post_reading_time":"1","post_reading_time_wpm":"300","show_zoom_button":"0","zoom_button_out_step":"2","zoom_button_in_step":"3","show_post_tag":"1","show_prev_next_post":"0","show_popup_post":"1","number_popup_post":"1","show_author_box":"0","show_post_related":"0","show_inline_post_related":"1"}],"override_image_size":"0","image_override":[{"single_post_thumbnail_size":"no-crop","single_post_gallery_size":"crop-500"}],"trending_post":"0","trending_post_position":"meta","trending_post_label":"Trending","sponsored_post":"0","sponsored_post_label":"Sponsored by","sponsored_post_name":"","sponsored_post_url":"","sponsored_post_logo_enable":"0","sponsored_post_logo":"","sponsored_post_desc":"","disable_ad":"0"},"jnews_primary_category":{"id":"","hide":""},"jnews_social_meta":{"fb_title":"","fb_description":"","fb_image":"","twitter_title":"","twitter_description":"","twitter_image":""},"jnews_override_counter":{"override_view_counter":"0","view_counter_number":"0","override_share_counter":"0","share_counter_number":"0","override_like_counter":"0","like_counter_number":"0","override_dislike_counter":"0","dislike_counter_number":"0"},"footnotes":""},"categories":[2,25],"tags":[],"class_list":["post-43","post","type-post","status-publish","format-standard","has-post-thumbnail","hentry","category-actividades","category-reparto-ropa"],"_links":{"self":[{"href":"https:\/\/harrera.org\/index.php\/wp-json\/wp\/v2\/posts\/43","targetHints":{"allow":["GET"]}}],"collection":[{"href":"https:\/\/harrera.org\/index.php\/wp-json\/wp\/v2\/posts"}],"about":[{"href":"https:\/\/harrera.org\/index.php\/wp-json\/wp\/v2\/types\/post"}],"author":[{"embeddable":true,"href":"https:\/\/harrera.org\/index.php\/wp-json\/wp\/v2\/users\/1"}],"replies":[{"embeddable":true,"href":"https:\/\/harrera.org\/index.php\/wp-json\/wp\/v2\/comments?post=43"}],"version-history":[{"count":1,"href":"https:\/\/harrera.org\/index.php\/wp-json\/wp\/v2\/posts\/43\/revisions"}],"predecessor-version":[{"id":212,"href":"https:\/\/harrera.org\/index.php\/wp-json\/wp\/v2\/posts\/43\/revisions\/212"}],"wp:featuredmedia":[{"embeddable":true,"href":"https:\/\/harrera.org\/index.php\/wp-json\/wp\/v2\/media\/211"}],"wp:attachment":[{"href":"https:\/\/harrera.org\/index.php\/wp-json\/wp\/v2\/media?parent=43"}],"wp:term":[{"taxonomy":"category","embeddable":true,"href":"https:\/\/harrera.org\/index.php\/wp-json\/wp\/v2\/categories?post=43"},{"taxonomy":"post_tag","embeddable":true,"href":"https:\/\/harrera.org\/index.php\/wp-json\/wp\/v2\/tags?post=43"}],"curies":[{"name":"wp","href":"https:\/\/api.w.org\/{rel}","templated":true}]}}